{"id":819,"date":"2020-01-07T12:19:53","date_gmt":"2020-01-07T11:19:53","guid":{"rendered":"http:\/\/kumnye.lucani.eu\/o-kum-nye\/?p=819"},"modified":"2020-03-09T09:34:37","modified_gmt":"2020-03-09T08:34:37","slug":"kumnye-duben-2020","status":"publish","type":"post","link":"http:\/\/kumnye.lucani.eu\/o-kum-nye\/2021\/09\/01\/rozlouceni-s-matthiasem\/2020\/01\/07\/kumnye-duben-2020\/","title":{"rendered":"KumNye Duben 2020"},"content":{"rendered":"\n<p>Ahoj zdrav\u00edm z Bechyn\u011b\ud83e\udd17<br> Na KumNye bude op\u011bt va\u0159it Betka Pr\u00e1\u0161ilov\u00e1, pouze ale ob\u011bdy. V odkazu dole zas\u00edl\u00e1m tabulku, kde je t\u0159eba si ob\u011bd p\u0159edem objednat. P\u0159\u00edpadn\u00e9 dotazy ohledn\u011b ob\u011bd\u016f sm\u011b\u0159ujte p\u0159\u00edmo na B\u011btku <strong>betkaprasilova@seznam.cz<\/strong><br> M\u011bjte se moc kr\u00e1sn\u011b a t\u011b\u0161\u00edm se u\u017e pomalu za m\u011bs\u00edc \ud83d\ude04na vid\u011bnou <\/p>\n\n\n\n<p>Na tomto odkazu si pros\u00edm, za\u0161krtnete, zda a na kter\u00fd den chcete objednat ob\u011bd  <strong> <a href=\"https:\/\/1drv.ms\/x\/s!AooyTpbcLwuxhExZrvBiCXGHmQhQ?e=3S0rVk\">https:\/\/1drv.ms\/x\/s!AooyTpbcLwuxhExZrvBiCXGHmQhQ?e=3S0rVk<\/a><\/strong><\/p>\n\n\n\n<p><\/p>\n\n\n\n<p><\/p>\n\n\n\n<p><\/p>\n\n\n\n<p>Marie Brynychov\u00e1 <\/p>\n\n\n<a href=\"http:\/\/kumnye.lucani.eu\/wp-content\/uploads\/2020\/01\/Kumnye_letak.pdf\" class=\"pdfemb-viewer\" style=\"width:768px;height:1024px;\" data-width=\"768\" data-height=\"1024\" data-toolbar=\"bottom\" data-toolbar-fixed=\"off\">Kumnye_letak<\/a>\n<p class=\"wp-block-pdfemb-pdf-embedder-viewer\"><\/p>\n\n\n\n<p><\/p>\n","protected":false},"excerpt":{"rendered":"<p>Ahoj zdrav\u00edm z Bechyn\u011b\ud83e\udd17 Na KumNye bude op\u011bt va\u0159it Betka Pr\u00e1\u0161ilov\u00e1, pouze ale ob\u011bdy. V odkazu dole zas\u00edl\u00e1m tabulku, kde je t\u0159eba si ob\u011bd p\u0159edem&hellip;<\/p>\n","protected":false},"author":1,"featured_media":0,"comment_status":"closed","ping_status":"closed","sticky":false,"template":"","format":"standard","meta":{"_mo_disable_npp":"","footnotes":""},"categories":[9,3,4],"tags":[8],"jetpack_featured_media_url":"","_links":{"self":[{"href":"http:\/\/kumnye.lucani.eu\/o-kum-nye\/2021\/09\/01\/rozlouceni-s-matthiasem\/wp-json\/wp\/v2\/posts\/819"}],"collection":[{"href":"http:\/\/kumnye.lucani.eu\/o-kum-nye\/2021\/09\/01\/rozlouceni-s-matthiasem\/wp-json\/wp\/v2\/posts"}],"about":[{"href":"http:\/\/kumnye.lucani.eu\/o-kum-nye\/2021\/09\/01\/rozlouceni-s-matthiasem\/wp-json\/wp\/v2\/types\/post"}],"author":[{"embeddable":true,"href":"http:\/\/kumnye.lucani.eu\/o-kum-nye\/2021\/09\/01\/rozlouceni-s-matthiasem\/wp-json\/wp\/v2\/users\/1"}],"replies":[{"embeddable":true,"href":"http:\/\/kumnye.lucani.eu\/o-kum-nye\/2021\/09\/01\/rozlouceni-s-matthiasem\/wp-json\/wp\/v2\/comments?post=819"}],"version-history":[{"count":0,"href":"http:\/\/kumnye.lucani.eu\/o-kum-nye\/2021\/09\/01\/rozlouceni-s-matthiasem\/wp-json\/wp\/v2\/posts\/819\/revisions"}],"wp:attachment":[{"href":"http:\/\/kumnye.lucani.eu\/o-kum-nye\/2021\/09\/01\/rozlouceni-s-matthiasem\/wp-json\/wp\/v2\/media?parent=819"}],"wp:term":[{"taxonomy":"category","embeddable":true,"href":"http:\/\/kumnye.lucani.eu\/o-kum-nye\/2021\/09\/01\/rozlouceni-s-matthiasem\/wp-json\/wp\/v2\/categories?post=819"},{"taxonomy":"post_tag","embeddable":true,"href":"http:\/\/kumnye.lucani.eu\/o-kum-nye\/2021\/09\/01\/rozlouceni-s-matthiasem\/wp-json\/wp\/v2\/tags?post=819"}],"curies":[{"name":"wp","href":"https:\/\/api.w.org\/{rel}","templated":true}]}}